{"id":1073,"date":"2026-01-02T19:21:25","date_gmt":"2026-01-02T19:21:25","guid":{"rendered":"https:\/\/pragmalaw.lu\/donnees-personnelles-accessibles-ln-24\/"},"modified":"2026-01-10T07:02:51","modified_gmt":"2026-01-10T07:02:51","slug":"donnees-personnelles-accessibles-ln-24","status":"publish","type":"post","link":"https:\/\/pragmalaw.lu\/fr\/donnees-personnelles-accessibles-ln-24\/","title":{"rendered":"Donn\u00e9es personnelles, accessibles&nbsp;? (LN 24)"},"content":{"rendered":"\n<p><strong>Discussion t\u00e9l\u00e9vis\u00e9e sur la protection des donn\u00e9es sur les plateformes de m\u00e9dias sociaux<\/strong>  <\/p>\n\n<p>Nicolas Hamblenne a \u00e9t\u00e9 invit\u00e9 par la cha\u00eene d&rsquo;information t\u00e9l\u00e9vis\u00e9e belge LN24 \u00e0 fournir un commentaire d&rsquo;expert sur les complexit\u00e9s de la r\u00e9glementation sur la protection des donn\u00e9es (en particulier le \u00ab\u00a0RGPD\u00a0\u00bb) dans le contexte des plateformes de m\u00e9dias sociaux, en abordant sp\u00e9cifiquement les d\u00e9fis li\u00e9s \u00e0 l&rsquo;utilisation de ces r\u00e9seaux par les mineurs.<\/p>\n\n<p>Au cours de l&rsquo;entretien, Nicolas a donn\u00e9 un aper\u00e7u du cadre r\u00e9glementaire con\u00e7u pour prot\u00e9ger les jeunes en ligne et des implications pratiques pour les utilisateurs et les op\u00e9rateurs de plateformes. Cette participation souligne notre engagement \u00e0 contribuer aux d\u00e9bats publics importants concernant la protection des donn\u00e9es, la vie priv\u00e9e et la s\u00e9curit\u00e9 en ligne.<\/p>\n","protected":false},"excerpt":{"rendered":"<p>Discussion t\u00e9l\u00e9vis\u00e9e sur la protection des donn\u00e9es sur les plateformes de m\u00e9dias sociaux Nicolas Hamblenne a \u00e9t\u00e9 invit\u00e9 par la cha\u00eene d&rsquo;information t\u00e9l\u00e9vis\u00e9e belge LN24 \u00e0<span class=\"excerpt-hellip\"> [\u2026]<\/span><\/p>\n","protected":false},"author":1,"featured_media":1048,"comment_status":"open","ping_status":"open","sticky":false,"template":"","format":"standard","meta":{"footnotes":""},"categories":[8],"tags":[],"class_list":["post-1073","post","type-post","status-publish","format-standard","has-post-thumbnail","hentry","category-non-categorise"],"_links":{"self":[{"href":"https:\/\/pragmalaw.lu\/fr\/wp-json\/wp\/v2\/posts\/1073","targetHints":{"allow":["GET"]}}],"collection":[{"href":"https:\/\/pragmalaw.lu\/fr\/wp-json\/wp\/v2\/posts"}],"about":[{"href":"https:\/\/pragmalaw.lu\/fr\/wp-json\/wp\/v2\/types\/post"}],"author":[{"embeddable":true,"href":"https:\/\/pragmalaw.lu\/fr\/wp-json\/wp\/v2\/users\/1"}],"replies":[{"embeddable":true,"href":"https:\/\/pragmalaw.lu\/fr\/wp-json\/wp\/v2\/comments?post=1073"}],"version-history":[{"count":3,"href":"https:\/\/pragmalaw.lu\/fr\/wp-json\/wp\/v2\/posts\/1073\/revisions"}],"predecessor-version":[{"id":1077,"href":"https:\/\/pragmalaw.lu\/fr\/wp-json\/wp\/v2\/posts\/1073\/revisions\/1077"}],"wp:featuredmedia":[{"embeddable":true,"href":"https:\/\/pragmalaw.lu\/fr\/wp-json\/wp\/v2\/media\/1048"}],"wp:attachment":[{"href":"https:\/\/pragmalaw.lu\/fr\/wp-json\/wp\/v2\/media?parent=1073"}],"wp:term":[{"taxonomy":"category","embeddable":true,"href":"https:\/\/pragmalaw.lu\/fr\/wp-json\/wp\/v2\/categories?post=1073"},{"taxonomy":"post_tag","embeddable":true,"href":"https:\/\/pragmalaw.lu\/fr\/wp-json\/wp\/v2\/tags?post=1073"}],"curies":[{"name":"wp","href":"https:\/\/api.w.org\/{rel}","templated":true}]}}